{"id":328,"date":"2024-01-12T15:37:11","date_gmt":"2024-01-12T14:37:11","guid":{"rendered":"https:\/\/denkx.net\/?p=325"},"modified":"2024-01-12T15:37:11","modified_gmt":"2024-01-12T14:37:11","slug":"aktuelle-workshops-trainings-seminare","status":"publish","type":"post","link":"https:\/\/denkx.net\/?p=328","title":{"rendered":"aktuelle Workshops | Trainings | Seminare"},"content":{"rendered":"\n<ul class=\"wp-block-list\"><\/ul>\n\n\n\n<h4 class=\"wp-block-heading\"><strong><mark style=\"background-color:rgba(0, 0, 0, 0)\" class=\"has-inline-color has-vivid-cyan-blue-color\">Facility Management \u2026 <\/mark><\/strong> <mark style=\"background-color:rgba(0, 0, 0, 0)\" class=\"has-inline-color has-cyan-bluish-gray-color\">praktisch umsetzen&nbsp; &nbsp;&nbsp;&nbsp;&nbsp;&nbsp;&nbsp;&nbsp;&nbsp;&nbsp;&nbsp;&nbsp;&nbsp;<sup>&nbsp;&nbsp;&nbsp;(Gerichtssachverst\u00e4ndiger f\u00fcr FM)<\/sup><\/mark><\/h4>\n\n\n\n<ul class=\"wp-block-list\">\n<li class=\"has-medium-font-size\"><strong>Bestell*Qualit\u00e4t<\/strong><strong> &amp; <\/strong><strong>Qualit\u00e4tsanforderungen &amp; Ausschreibungen &amp; Vergabe<\/strong><strong><br><\/strong>Gesamtpaket funktional\/konstruktiv, Vertragsmodelle, Anforderungen &amp; Erf\u00fcllung, AVRAG<\/li>\n\n\n\n<li class=\"has-medium-font-size\"><strong>die \u201eoptimalen\u201c Stellschrauben zur Kostenreduktion und\/oder Leistungssteigerung<br><\/strong>Kommunikation, Berichtswesen, Lernkurven, KVP, Ressourcen, Leistungsf\u00e4higkeit, Bonusmodelle<\/li>\n\n\n\n<li class=\"has-medium-font-size\"><strong>Facility Services leicht gemacht\u2026 \u201e<\/strong>mach es EINFACH und dann MACH es einfach\u201c<br>einfache, verst\u00e4ndliche Prozesse, hilfreiche Normen, Kennzahlen, Controlling &amp; Kontrolle<\/li>\n<\/ul>\n\n\n\n<h4 class=\"wp-block-heading has-medium-font-size\"><strong><mark style=\"background-color:rgba(0, 0, 0, 0)\" class=\"has-inline-color has-vivid-cyan-blue-color\">Betreibersicherheit \u2026 <\/mark>&nbsp;&nbsp;&nbsp;<\/strong><mark style=\"background-color:rgba(0, 0, 0, 0)\" class=\"has-inline-color has-cyan-bluish-gray-color\"><sup>f\u00fcr Techniker und Nicht-Techniker aus Sicht eines Nicht-Juristen<\/sup><\/mark><\/h4>\n\n\n\n<ul class=\"has-medium-font-size wp-block-list\">\n<li><strong>Betreiberverantwortung <\/strong><strong>+ <\/strong><strong>Pr\u00fcfpflichten<\/strong> + praktisch umsetzen<strong><br><\/strong>Betreiber-\/Pr\u00fcfpflichten, Vorschriften, Regeln\/Richtlinien, rechtsaktuell, Rechtsfolgen<\/li>\n\n\n\n<li><strong>Fitness Check: das Geb\u00e4udepickerl f\u00fcr Ihr Unternehmen <\/strong>(ON B 1300 und ON B 1301)<br>die h\u00e4ufigsten (Sicherheits-)M\u00e4ngel und notwendige Ma\u00dfnahmen zur Haftungsvermeidung<\/li>\n\n\n\n<li><strong>gesetzliche Regelungen<\/strong> &amp; <strong>Pr\u00fcfmanagement<\/strong> (zur Rechtssicherheit im FM)<br>wo stehts? Ein \u00dcberblick \u00fcber FI (ETG, ESV), Luft, Wasser (AStV), Reinigungschemie, F-Gase, \u2026<\/li>\n<\/ul>\n\n\n\n<h4 class=\"wp-block-heading\"><strong><mark style=\"background-color:rgba(0, 0, 0, 0)\" class=\"has-inline-color has-vivid-cyan-blue-color\"><strong>Geb\u00e4udesicherheit und Risikomanagement \u2026 <\/strong><\/mark><\/strong><mark style=\"background-color:rgba(0, 0, 0, 0)\" class=\"has-inline-color has-cyan-bluish-gray-color\"><sup>f\u00fcr die t\u00e4gliche Praxis<\/sup><\/mark><\/h4>\n\n\n\n<ul class=\"wp-block-list\">\n<li class=\"has-medium-font-size\"><strong>Sicherheit im Betrieb<br><\/strong>Gefahrenbeurteilung, Krisenvorsorge, K-Fall, Risiko minimieren, Business Continuity Plan<\/li>\n\n\n\n<li class=\"has-medium-font-size\"><strong>Sicherheitskonzept, Aufbau und Umsetzung eines Sicherheitssystems<\/strong><br>Bedrohungsszenarien, Risikoanalyse, Sicherheit &amp; Safety praktisch umsetzen<\/li>\n<\/ul>\n\n\n\n<h4 class=\"wp-block-heading\"><strong><mark style=\"background-color:rgba(0, 0, 0, 0)\" class=\"has-inline-color has-vivid-cyan-blue-color\">Energie \u2026<\/mark> <\/strong><mark style=\"background-color:rgba(0, 0, 0, 0)\" class=\"has-inline-color has-cyan-bluish-gray-color\">&amp; Geb\u00e4ude effizient betreiben<strong> &nbsp;&nbsp;&nbsp;&nbsp;&nbsp;&nbsp;<\/strong><sup>(EEffG-Auditor f\u00fcr Geb\u00e4ude + Transport + Prozesse)<\/sup><\/mark><\/h4>\n\n\n\n<ul class=\"wp-block-list\">\n<li class=\"has-medium-font-size\"><strong>Energie effizient nutzen und damit Energie und <\/strong><strong>Kosten<\/strong><strong> <\/strong><strong>sparen<\/strong><strong><br><\/strong>Energiefresser finden, Quick wins, niedriginvestive Ma\u00dfnahmen umsetzen<\/li>\n\n\n\n<li class=\"has-medium-font-size\"><strong>Energiemanagement<br><\/strong>laufendes Verbrauchscontrolling, Auswertung, Interpretation, Energiekostenplanung, Benchmarks<\/li>\n\n\n\n<li class=\"has-medium-font-size\"><strong>Raum+Luft+Qualit\u00e4t<\/strong> = wohlf\u00fchlen mit guter Luft<br>f\u00fcr gesunde Mitarbeiter + gesteigerte Produktivit\u00e4t + weniger Energie \/ Kosten<\/li>\n<\/ul>\n\n\n\n<h4 class=\"wp-block-heading\"><strong><mark style=\"background-color:rgba(0, 0, 0, 0)\" class=\"has-inline-color has-vivid-cyan-blue-color\">Datenschutz und Datenschutzgrundverordnung<\/mark> <\/strong><mark style=\"background-color:rgba(0, 0, 0, 0)\" class=\"has-inline-color has-cyan-bluish-gray-color\">[DSGVO] <strong>\u2026 <\/strong><sup>einfach umsetzen<\/sup><\/mark><\/h4>\n\n\n\n<ul class=\"wp-block-list\">\n<li class=\"has-medium-font-size\"><strong>Mitarbeiter informieren und einbeziehen, denn Datensicherheit = Unternehmenssicherheit<br><\/strong>praktische Umsetzung, Zugriff und Passw\u00f6rter, Sicherung und Backup, Awareness \u2013 ein Leitfaden<\/li>\n\n\n\n<li class=\"has-medium-font-size\"><strong>DSGVO und \u201eversteckte personenbezogene Daten\u201c in der Geb\u00e4udetechnik<br><\/strong>Kommunikationstechnik, Video\u00fcberwachung, Geb\u00e4udetechnik (Einzelraum, Licht, Sensoren, \u2026)<\/li>\n<\/ul>\n\n\n\n<h4 class=\"wp-block-heading\"><strong><mark style=\"background-color:rgba(0, 0, 0, 0)\" class=\"has-inline-color has-vivid-cyan-blue-color\">Grippe &amp; Co. &#8211; I<\/mark><\/strong><mark style=\"background-color:rgba(0, 0, 0, 0)\" class=\"has-inline-color has-vivid-cyan-blue-color\"><strong>nfektionsvermeidung &amp; Pr\u00e4vention<\/strong> \u2026&nbsp;&nbsp;<\/mark>&nbsp;&nbsp;&nbsp;&nbsp;&nbsp;&nbsp;&nbsp;&nbsp;&nbsp;&nbsp;&nbsp;&nbsp;&nbsp;&nbsp;&nbsp;<mark style=\"background-color:rgba(0, 0, 0, 0)\" class=\"has-inline-color has-cyan-bluish-gray-color\"> <sup>auf die x.te Welle vorbereitet?<\/sup><\/mark><\/h4>\n\n\n\n<ul class=\"wp-block-list\">\n<li class=\"has-medium-font-size\"><strong>Vorsorge f\u00fcr einen robusten und rechtssicheren Betrieb, <\/strong>techn. Anlagen, HomeOffice, PSA, \u2026<\/li>\n<\/ul>\n\n\n\n<h4 class=\"wp-block-heading\"><strong><mark style=\"background-color:rgba(0, 0, 0, 0)\" class=\"has-inline-color has-vivid-cyan-blue-color\">Stromausfall \/ BlackOut \/ OffLine \u2026 was tun?<\/mark><\/strong><\/h4>\n\n\n\n<ul class=\"has-medium-font-size wp-block-list\">\n<li><strong>Ausfallrisiken erkennen<\/strong>, techn. Hintergr\u00fcnde, Notma\u00dfnahmen planen, Ausfall- und Wiederanlauf<\/li>\n<\/ul>\n\n\n\n<h4 class=\"wp-block-heading\"><strong><mark style=\"background-color:rgba(0, 0, 0, 0)\" class=\"has-inline-color has-vivid-cyan-blue-color\">Digitalisierung &#8211; zukunftsFIT&nbsp;&nbsp;&nbsp;<\/mark>&nbsp;&nbsp;&nbsp;&nbsp; &nbsp;&nbsp;&nbsp;&nbsp;&nbsp;&nbsp;&nbsp;&nbsp;&nbsp;&nbsp;&nbsp;&nbsp;&nbsp;&nbsp;<\/strong><mark style=\"background-color:rgba(0, 0, 0, 0)\" class=\"has-inline-color has-cyan-bluish-gray-color\"><strong>&nbsp;<\/strong><sup><strong> <\/strong>(FIT f\u00fcr Digitalisierung)<\/sup><\/mark><\/h4>\n\n\n\n<ul class=\"wp-block-list\">\n<li class=\"has-medium-font-size\"><strong>good practice-Anwendungen &amp; gesch\u00e4ftsf\u00f6rdernde Projekte entwickeln<\/strong><strong><\/strong><\/li>\n<\/ul>\n","protected":false},"excerpt":{"rendered":"<p>Facility Management \u2026 praktisch umsetzen&nbsp; &nbsp;&nbsp;&nbsp;&nbsp;&nbsp;&nbsp;&nbsp;&nbsp;&nbsp;&nbsp;&nbsp;&nbsp;&nbsp;&nbsp;&nbsp;(Gerichtssachverst\u00e4ndiger f\u00fcr FM) Betreibersicherheit \u2026 &nbsp;&nbsp;&nbsp;f\u00fcr Techniker und Nicht-Techniker aus Sicht eines Nicht-Juristen Geb\u00e4udesicherheit und Risikomanagement \u2026 f\u00fcr die t\u00e4gliche Praxis Energie \u2026 &amp; Geb\u00e4ude effizient betreiben &nbsp;&nbsp;&nbsp;&nbsp;&nbsp;&nbsp;(EEffG-Auditor f\u00fcr Geb\u00e4ude + Transport + Prozesse) Datenschutz<\/p>\n","protected":false},"author":2,"featured_media":0,"comment_status":"closed","ping_status":"closed","sticky":true,"template":"","format":"standard","meta":{"footnotes":""},"categories":[1],"tags":[],"class_list":["post-328","post","type-post","status-publish","format-standard","hentry","category-warum-denk-x-nett"],"_links":{"self":[{"href":"https:\/\/denkx.net\/index.php?rest_route=\/wp\/v2\/posts\/328","targetHints":{"allow":["GET"]}}],"collection":[{"href":"https:\/\/denkx.net\/index.php?rest_route=\/wp\/v2\/posts"}],"about":[{"href":"https:\/\/denkx.net\/index.php?rest_route=\/wp\/v2\/types\/post"}],"author":[{"embeddable":true,"href":"https:\/\/denkx.net\/index.php?rest_route=\/wp\/v2\/users\/2"}],"replies":[{"embeddable":true,"href":"https:\/\/denkx.net\/index.php?rest_route=%2Fwp%2Fv2%2Fcomments&post=328"}],"version-history":[{"count":0,"href":"https:\/\/denkx.net\/index.php?rest_route=\/wp\/v2\/posts\/328\/revisions"}],"wp:attachment":[{"href":"https:\/\/denkx.net\/index.php?rest_route=%2Fwp%2Fv2%2Fmedia&parent=328"}],"wp:term":[{"taxonomy":"category","embeddable":true,"href":"https:\/\/denkx.net\/index.php?rest_route=%2Fwp%2Fv2%2Fcategories&post=328"},{"taxonomy":"post_tag","embeddable":true,"href":"https:\/\/denkx.net\/index.php?rest_route=%2Fwp%2Fv2%2Ftags&post=328"}],"curies":[{"name":"wp","href":"https:\/\/api.w.org\/{rel}","templated":true}]}}