{"id":324,"date":"2023-12-06T11:15:45","date_gmt":"2023-12-06T10:15:45","guid":{"rendered":"http:\/\/denkx.net\/?p=80"},"modified":"2023-12-06T11:15:45","modified_gmt":"2023-12-06T10:15:45","slug":"wer-ist-hinter-denk-x-nett-2","status":"publish","type":"post","link":"https:\/\/denkx.net\/?p=324","title":{"rendered":"wer &#8222;denkt&#8220; hinter denk x net[t]"},"content":{"rendered":"<figure id=\"attachment_171\" aria-describedby=\"caption-attachment-171\" style=\"width: 219px\" class=\"wp-caption alignright\"><img loading=\"lazy\" decoding=\"async\" class=\"wp-image-171 size-medium\" style=\"background-color: transparent; color: #424143; font-family: &amp;quot; open sans&amp;quot;,helvetica,arial,sans-serif; font-size: 14px; font-style: normal; font-variant: normal; font-weight: bold; height: 300px; letter-spacing: normal; max-width: 971.2px; orphans: 2; outline-color: #72777c; outline-style: solid; outline-width: 1px; text-align: left; text-decoration: none; text-indent: 0px; text-transform: none; -webkit-text-stroke-width: 0px; white-space: normal; word-spacing: 0px; border-style: none;\" src=\"https:\/\/denkx.net\/wp-content\/uploads\/2017\/12\/cwi-219x300.jpg\" alt=\"\" width=\"219\" height=\"300\" srcset=\"https:\/\/denkx.net\/wp-content\/uploads\/2017\/12\/cwi-219x300.jpg 219w, https:\/\/denkx.net\/wp-content\/uploads\/2017\/12\/cwi.jpg 455w\" sizes=\"auto, (max-width: 219px) 100vw, 219px\" \/><figcaption id=\"caption-attachment-171\" class=\"wp-caption-text\">Ing. <strong>Christian Wimmer<\/strong>, MBA<\/figcaption><\/figure>\n<p><strong>Christian Wimmer<\/strong> ist Gesch\u00e4ftsinhaber der <strong>cwi solutions<\/strong> e.U.<\/p>\n<ul>\n<li><strong>Ingenieurb\u00fcro<\/strong> f\u00fcr Geb\u00e4ude- und Elektrotechnik kombiniert mit<\/li>\n<li><strong>Unternehmensberatung<\/strong> mit Schwerpunkt Facility Management,<br \/>\nServicemanagement sowie technischer und organisatorischer<br \/>\n(Geb\u00e4ude)Sicherheit<\/li>\n<li><strong>Gerichtssachverst\u00e4ndiger<\/strong> Facility- &amp; Geb\u00e4udemanagement,<br \/>\nGeb\u00e4udetechnik, Facility Services<\/li>\n<li><strong>EnergieEffizienz Auditor<\/strong> gem\u00e4\u00df \u00a7 17 EEffG<br \/>\n(Geb\u00e4ude + Transport + Prozesse)<\/li>\n<li><strong>Certified Digital Consultant <\/strong>[CDC] f\u00fcr gef\u00f6rderte KMUdigital-Potentialanalyse<br \/>\n&amp; Schwerpunkt-Beratung \u00fcber k\u00fcnftige Gesch\u00e4ftsmodelle &amp; Prozesse<br \/>\nund <strong><strong>DSGVO<br \/>\n<\/strong><\/strong><\/li>\n<li><strong>Seminare<\/strong> und <strong>Vortr\u00e4ge: <\/strong><strong>Recht<\/strong>s<strong>Sicherheit<\/strong> &amp; <strong>Pr\u00fcfpflichten<br \/>\n<\/strong>&amp; <strong>Facility Management<\/strong> &amp; <strong><strong>Geb\u00e4udesicherheit<\/strong><\/strong><\/li>\n<li><strong>Digitalisierung<\/strong> \u2013 Industrie 4.0 \/ IoT + IoS + IoE<br \/>\n(WK Wien und ON austrian standards)<\/li>\n<\/ul>\n<p>HTL <strong>Elektrotechnik<\/strong> und technisch\/wirtschaftliches Wissen erg\u00e4nzt mit <strong>MBA<\/strong>-Studium<br \/>\nweitere Gewerbeberechtigungen f\u00fcr Elektro, Alarm, Bewachung, \u2026<br \/>\nGF in den Bereichen \u201eFacility-\/Geb\u00e4udemanagement, Elektrotechnik,<br \/>\nSicherheit in internationalen Technik- und Dienstleistungskonzernen (DACH &amp; CEE)<\/p>\n<p>\u201e<strong>Winner &#8211; European FM Awards<\/strong> 2007, Partners Across Borders\u201c, \u00f6sterr. Part<\/p>\n<p><strong>Fachvortragender <\/strong>bei T\u00dcV, Forum Verlag, WEKA, &#8230; (+ <span style=\"background-color: transparent; color: #424143; display: inline; float: none; font-family: &amp;quot; open sans&amp;quot;,helvetica,arial,sans-serif; font-size: 14px; font-style: normal; font-variant: normal; font-weight: 400; letter-spacing: normal; line-height: 24px; orphans: 2; text-align: left; text-decoration: none; text-indent: 0px; text-transform: none; -webkit-text-stroke-width: 0px; white-space: normal; word-spacing: 0px;\">Inhouse Seminare)<\/span><b><br \/>\nBuchautor<\/b> \u201eSicherheitsmanagement\u201c<span style=\"display: inline !important; float: none; background-color: transparent; color: #424143; font-family: 'Open Sans',Helvetica,Arial,sans-serif; font-size: 14px; font-style: normal; font-variant: normal; font-weight: 400; letter-spacing: normal; line-height: 24px; orphans: 2; text-align: left; text-decoration: none; text-indent: 0px; text-transform: none; -webkit-text-stroke-width: 0px; white-space: normal; word-spacing: 0px;\">\u00a0<\/span><br \/>\n<strong>Mitautor<\/strong> \u201etechnisches + infrastrukturelles Facility Management\u201c<\/p>\n","protected":false},"excerpt":{"rendered":"<p>Christian Wimmer ist Gesch\u00e4ftsinhaber der cwi solutions e.U. Ingenieurb\u00fcro f\u00fcr Geb\u00e4ude- und Elektrotechnik kombiniert mit Unternehmensberatung mit Schwerpunkt Facility Management, Servicemanagement sowie technischer und organisatorischer (Geb\u00e4ude)Sicherheit Gerichtssachverst\u00e4ndiger Facility- &amp; Geb\u00e4udemanagement, Geb\u00e4udetechnik, Facility Services EnergieEffizienz Auditor gem\u00e4\u00df \u00a7 17 EEffG (Geb\u00e4ude<\/p>\n","protected":false},"author":2,"featured_media":0,"comment_status":"closed","ping_status":"closed","sticky":true,"template":"","format":"standard","meta":{"footnotes":""},"categories":[3],"tags":[],"class_list":["post-324","post","type-post","status-publish","format-standard","hentry","category-ueber-mich"],"_links":{"self":[{"href":"https:\/\/denkx.net\/index.php?rest_route=\/wp\/v2\/posts\/324","targetHints":{"allow":["GET"]}}],"collection":[{"href":"https:\/\/denkx.net\/index.php?rest_route=\/wp\/v2\/posts"}],"about":[{"href":"https:\/\/denkx.net\/index.php?rest_route=\/wp\/v2\/types\/post"}],"author":[{"embeddable":true,"href":"https:\/\/denkx.net\/index.php?rest_route=\/wp\/v2\/users\/2"}],"replies":[{"embeddable":true,"href":"https:\/\/denkx.net\/index.php?rest_route=%2Fwp%2Fv2%2Fcomments&post=324"}],"version-history":[{"count":0,"href":"https:\/\/denkx.net\/index.php?rest_route=\/wp\/v2\/posts\/324\/revisions"}],"wp:attachment":[{"href":"https:\/\/denkx.net\/index.php?rest_route=%2Fwp%2Fv2%2Fmedia&parent=324"}],"wp:term":[{"taxonomy":"category","embeddable":true,"href":"https:\/\/denkx.net\/index.php?rest_route=%2Fwp%2Fv2%2Fcategories&post=324"},{"taxonomy":"post_tag","embeddable":true,"href":"https:\/\/denkx.net\/index.php?rest_route=%2Fwp%2Fv2%2Ftags&post=324"}],"curies":[{"name":"wp","href":"https:\/\/api.w.org\/{rel}","templated":true}]}}