{"id":307,"date":"2021-04-15T16:53:59","date_gmt":"2021-04-15T15:53:59","guid":{"rendered":"http:\/\/denkx.net\/?p=307"},"modified":"2021-04-15T16:53:59","modified_gmt":"2021-04-15T15:53:59","slug":"covid-19-und-mehr-als-51-arbeitnehmer","status":"publish","type":"post","link":"https:\/\/denkx.net\/?p=307","title":{"rendered":"COVID-19 &#8230;.  und mehr als 51 Arbeitnehmer ?"},"content":{"rendered":"\n<p><strong><span class=\"has-inline-color has-vivid-red-color\">dann haben Sie sicher bereits mit einem COVID-19-Pr\u00e4ventionskonzept vorgesorgt!<\/span><\/strong><\/p>\n\n\n\n<p>Ab April 2021 <strong><u>muss<\/u><\/strong> jeder Betreiber einer Betriebsst\u00e4tte mit mehr als 51 Arbeitnehmern ein COVID-19-Pr\u00e4ventionskonzept ausarbeiten und umsetzen. <em><span class=\"has-inline-color has-vivid-red-color\">(siehe \u00a7 6 Abs. 8 der 4. COVID-19-Schutzma\u00dfnahmenverordnung)<\/span><\/em><\/p>\n\n\n\n<div class=\"wp-block-columns is-layout-flex wp-container-core-columns-is-layout-9d6595d7 wp-block-columns-is-layout-flex\">\n<div class=\"wp-block-column is-layout-flow wp-block-column-is-layout-flow\" style=\"flex-basis:50%\">\n<h3 class=\"wp-block-heading\">Dieses <strong>Pr\u00e4ventionskonzept<\/strong> besteht<\/h3>\n<\/div>\n\n\n\n<div class=\"wp-block-column is-layout-flow wp-block-column-is-layout-flow\" style=\"flex-basis:50%\">\n<ul class=\"wp-block-list\"><li> aus einer <strong>Risikoanalyse<\/strong> und soll<\/li><li> nach dem <strong>Stand der Wissenschaft<\/strong> das  <\/li><li><strong>Infektionsrisiko minimieren<\/strong>.<\/li><\/ul>\n<\/div>\n<\/div>\n\n\n\n<div class=\"wp-block-group\"><div class=\"wp-block-group__inner-container is-layout-flow wp-block-group-is-layout-flow\">\n<div class=\"wp-block-columns is-layout-flex wp-container-core-columns-is-layout-9d6595d7 wp-block-columns-is-layout-flex\">\n<div class=\"wp-block-column is-layout-flow wp-block-column-is-layout-flow\" style=\"flex-basis:50%\">\n<h3 class=\"wp-block-heading\"><span class=\"has-inline-color has-black-color\"><strong>(M)ein Tipp <\/strong>aus der Praxis<strong> dazu:<\/strong><\/span><\/h3>\n<\/div>\n\n\n\n<div class=\"wp-block-column is-layout-flow wp-block-column-is-layout-flow\" style=\"flex-basis:50%\">\n<p>Mit der aktuellen <strong>Vorlage<\/strong> der Wirtschaftskammer WK\u00d6 (als Minimalanforderung) k\u00f6nnen Sie <strong>selber ganz einfach<\/strong> eine <strong>Risikoanalyse<\/strong> anhand der angeh\u00e4ngten <strong>Checklisten<\/strong> durchf\u00fchren und daraus &#8211; angepasst auf Ihren Betrieb &#8211; die <strong>Mindestinformationen<\/strong> f\u00fcr Ihr eigenes <strong>COVID-19- Pr\u00e4ventionskonzept<\/strong> erstellen.<\/p>\n<\/div>\n<\/div>\n\n\n\n<p>Link: Vorlage WK\u00d6:  <a href=\"https:\/\/www.wko.at\/service\/covid-19-praeventionskonzept-ueber-51-arbeiternehmer.docx\">https:\/\/www.wko.at\/service\/covid-19-praeventionskonzept-ueber-51-arbeiternehmer.docx<\/a><\/p>\n<\/div><\/div>\n\n\n\n<div class=\"wp-block-columns is-layout-flex wp-container-core-columns-is-layout-9d6595d7 wp-block-columns-is-layout-flex\">\n<div class=\"wp-block-column is-layout-flow wp-block-column-is-layout-flow\" style=\"flex-basis:50%\">\n<h3 class=\"wp-block-heading\"><strong>Meine Empfehlung:<\/strong><\/h3>\n<\/div>\n\n\n\n<div class=\"wp-block-column is-layout-flow wp-block-column-is-layout-flow\" style=\"flex-basis:50%\">\n<p>G\u00f6nnen Sie sich aber zus\u00e4tzlich ein externes Know How und lassen Sie ihr selbst erstelltes COVID-19- Pr\u00e4ventionskonzept von einen Experten gegenlesen.<\/p>\n<\/div>\n<\/div>\n\n\n\n<p>Ihr <strong>Pr\u00e4ventionskonzept <\/strong>wir einem kurzen <strong>Plausibilit\u00e4ts-Check<\/strong> unterzogen und nach dem Prinzip \u201eCheck, Re-Check, Double-Check\u201c ggf. Punkte noch v<strong>erbessert, vereinfacht, erg\u00e4nzt<\/strong> und einfach in Ihr <strong>bestehendes Pr\u00e4ventionskonzept integriert.<\/strong><\/p>\n\n\n\n<h3 class=\"wp-block-heading\"><strong>Kostet nicht viel &#8211; macht Sie und Ihre Mitarbeiter aber noch sicherer!<\/strong><\/h3>\n\n\n\n<p>So erhalten Sie &#8211; zu geringen Kosten &#8211; ein<strong> gutes <\/strong>und<strong> durchg\u00e4ngiges Pr\u00e4ventionskonzept <\/strong>zum<strong> Schutz Ihrer Mitarbeiter und Kunden! \u00a0<\/strong><\/p>\n\n\n\n<p><strong><\/strong><\/p>\n\n\n\n<p><span class=\"has-inline-color has-cyan-bluish-gray-color\">Christian Wimmer ist Begleiter in den Bereichen \u201eFacility-\/Geb\u00e4udemanagement,  EnergieEffizienz, DSGVO-konforme Anwendungen, Geb\u00e4udeSicherheit\u201c und ist begeisterter Optimierer f\u00fcr L\u00f6sungen bei BetreiberSicherheit, RechtsSicherheit und legal compliance rundum und im Geb\u00e4ude.<\/span><\/p>\n\n\n\n<p><span class=\"has-inline-color has-cyan-bluish-gray-color\">F\u00fcr seine Kunden verbindet die <em><strong>cwi<\/strong><\/em><strong> solutions<\/strong> L\u00f6sungen in den Bereichen<br><strong>TECHNIK | SICHERHEIT | SERVICE<\/strong><\/span><br><br><\/p>\n","protected":false},"excerpt":{"rendered":"<p>dann haben Sie sicher bereits mit einem COVID-19-Pr\u00e4ventionskonzept vorgesorgt! Ab April 2021 muss jeder Betreiber einer Betriebsst\u00e4tte mit mehr als 51 Arbeitnehmern ein COVID-19-Pr\u00e4ventionskonzept ausarbeiten und umsetzen. (siehe \u00a7 6 Abs. 8 der 4. COVID-19-Schutzma\u00dfnahmenverordnung) Dieses Pr\u00e4ventionskonzept besteht aus einer<\/p>\n","protected":false},"author":2,"featured_media":0,"comment_status":"closed","ping_status":"closed","sticky":true,"template":"","format":"standard","meta":{"footnotes":""},"categories":[4],"tags":[],"class_list":["post-307","post","type-post","status-publish","format-standard","hentry","category-news-tipps-erfahrungsberichte"],"_links":{"self":[{"href":"https:\/\/denkx.net\/index.php?rest_route=\/wp\/v2\/posts\/307","targetHints":{"allow":["GET"]}}],"collection":[{"href":"https:\/\/denkx.net\/index.php?rest_route=\/wp\/v2\/posts"}],"about":[{"href":"https:\/\/denkx.net\/index.php?rest_route=\/wp\/v2\/types\/post"}],"author":[{"embeddable":true,"href":"https:\/\/denkx.net\/index.php?rest_route=\/wp\/v2\/users\/2"}],"replies":[{"embeddable":true,"href":"https:\/\/denkx.net\/index.php?rest_route=%2Fwp%2Fv2%2Fcomments&post=307"}],"version-history":[{"count":3,"href":"https:\/\/denkx.net\/index.php?rest_route=\/wp\/v2\/posts\/307\/revisions"}],"predecessor-version":[{"id":310,"href":"https:\/\/denkx.net\/index.php?rest_route=\/wp\/v2\/posts\/307\/revisions\/310"}],"wp:attachment":[{"href":"https:\/\/denkx.net\/index.php?rest_route=%2Fwp%2Fv2%2Fmedia&parent=307"}],"wp:term":[{"taxonomy":"category","embeddable":true,"href":"https:\/\/denkx.net\/index.php?rest_route=%2Fwp%2Fv2%2Fcategories&post=307"},{"taxonomy":"post_tag","embeddable":true,"href":"https:\/\/denkx.net\/index.php?rest_route=%2Fwp%2Fv2%2Ftags&post=307"}],"curies":[{"name":"wp","href":"https:\/\/api.w.org\/{rel}","templated":true}]}}