{"id":283,"date":"2020-12-17T13:31:36","date_gmt":"2020-12-17T12:31:36","guid":{"rendered":"http:\/\/denkx.net\/?p=283"},"modified":"2020-12-17T17:57:50","modified_gmt":"2020-12-17T16:57:50","slug":"haben-sie-schon-einen-plan-c","status":"publish","type":"post","link":"https:\/\/denkx.net\/?p=283","title":{"rendered":"Haben Sie schon einen Plan C?"},"content":{"rendered":"\n<p class=\"has-medium-font-size\"><strong>Haben Sie schon einen Plan C<\/strong>(orona)<strong>? <br> Sind ihre Mitarbeiter und Ihre Geb\u00e4ude Corona-FIT? <\/strong><\/p>\n\n\n\n<p class=\"has-medium-font-size\">Denn eines ist sicher! Corona wird uns\nnoch l\u00e4nger begleiten. <\/p>\n\n\n\n<h2 class=\"wp-block-heading\"><strong>Diese 3 Ma\u00dfnahmen m\u00f6chte ich Ihnen besonders empfehlen:<\/strong><\/h2>\n\n\n\n<h3 class=\"wp-block-heading\">1) <strong>Pr\u00e4vention und Schutz der Mitarbeiter<\/strong><\/h3>\n\n\n\n<p>um <strong>Ausf\u00e4lle<\/strong> zu <strong>verhindern<\/strong> und <strong>Quarant\u00e4ne<\/strong>\nzu <strong>vermeiden<\/strong><\/p>\n\n\n\n<p>Nach dem <strong>TOP-Prinzip<\/strong> (<strong>T<\/strong>echnische, <strong>O<\/strong>rganisatorische\nund <strong>P<\/strong>ersonelle Ma\u00dfnahmen) organisieren und umsetzen.<\/p>\n\n\n\n<p class=\"has-drop-cap has-medium-font-size\"><strong>Technische Ma\u00dfnahmen:<\/strong><\/p>\n\n\n\n<p>Geb\u00e4udel\u00fcftung mit hohem Frischluftanteil, mechanischer\nBarrieren und Trennw\u00e4nde im B\u00fcro, Gruppenbildung vermeiden, sperren von\nArbeitspl\u00e4tzen, automatische Armaturen und Spender, Distanz durch Homeoffice, \u2026<\/p>\n\n\n\n<p class=\"has-drop-cap has-medium-font-size\"><strong>Organisatorisches Ma\u00dfnahmen: <\/strong><\/p>\n\n\n\n<p>desinfizierende Reinigung (speziell von Risikobereichen, Touchpoints, Hotspots), Reinigungskonzepte, Dienstanweisungen (zB. regelm\u00e4\u00dfiges L\u00fcften), Erkl\u00e4rungen mit Piktogrammen, Team-Bildung, Abstandsmarkierungen, Anwesenheitsbeschr\u00e4nkungen, \u2026<\/p>\n\n\n\n<p class=\"has-drop-cap has-medium-font-size\"><strong>Pers\u00f6nliche Ma\u00dfnahmen:<\/strong><\/p>\n\n\n\n<p>Abtrennungen zum Abstand halten, Distanz durch Absperrungen, personelle Ma\u00dfnahmen wie PSA (Pers\u00f6nliche Schutzausr\u00fcstung wie MNS, <strong>genormte FFP 2<\/strong>-Masken, Schutzhandschuhe, \u2026) Desinfektionst\u00fccher, \u2026<\/p>\n\n\n\n<h3 class=\"wp-block-heading\">2) <strong>sicherer Geb\u00e4udebetrieb &#8211; robustes Facility Management<\/strong><\/h3>\n\n\n\n<ul class=\"wp-block-list\"><li>R\u00e4ume mit Frischluft sp\u00fclen, Aerosole filtern, Schadstoffe verd\u00fcnnen<\/li><li>Anlagenbetriebszeiten erweitern<\/li><li>Geb\u00e4ude \u00fcber Regelungstechnik in energiebewussten Sparmodus setzen<\/li><li>Instandhaltung und Stillstandswartung planen<\/li><li><strong>Betreiberpflichten <\/strong>einhalten (zB. Wasserbeprobung, Sp\u00fclplan, Befunde, \u2026)<\/li><\/ul>\n\n\n\n<h3 class=\"wp-block-heading\">3) <strong>Datenschutz, speziell im Hinblick auf Homeoffice<\/strong><\/h3>\n\n\n\n<ul class=\"wp-block-list\"><li>Erh\u00f6hte Risiken durch Einbindung der Homeoffices in das Firmennetzwerk ber\u00fccksichtigen<\/li><li>Aktualisierung ggf. Adaptieren der Verarbeitungsverzeichnisse <br> (spezielle Risiken durch weite Verzweigung des Firmen-Netzwerkes, Verhinderung gezielter Angriffe, Passw\u00f6rter, aktuelle Patch\/Virenscanner, \u2026) <\/li><li>Mitarbeiter auf Besonderheiten schulen und Awareness f\u00f6rdern<\/li><\/ul>\n\n\n\n<p class=\"has-medium-font-size\"><strong>Damit Sie &#8211; corona-sicher &#8211; gut durch den Winter und das Fr\u00fchjahr kommen! <\/strong><\/p>\n\n\n\n<p class=\"has-medium-font-size\">Gerne stehe ich Ihnen mit \u201e<strong>good practice\u201c-Beispielen<\/strong> zur Verf\u00fcgung\nund <strong>unterst\u00fctze<\/strong> Sie bei der <strong>Umsetzung<\/strong>.<\/p>\n\n\n\n<p class=\"has-medium-font-size\">Aktuell sind meine <strong>Inhouse-Workshops<\/strong> zu Covid 19 gut gebucht \u2013 in <strong>Pr\u00e4senz<\/strong> und <strong>Online<\/strong>.  <\/p>\n\n\n\n<p class=\"has-medium-font-size\">Mehr zu diesen Inhouse-Seminaren und Workshops finden Sie unter:  <strong><a rel=\"noreferrer noopener\" aria-label=\"https:\/\/denkx.net\/?p=275 (\u00f6ffnet in neuem Tab)\" href=\"https:\/\/denkx.net\/?p=275\" target=\"_blank\">https:\/\/denkx.net\/?p=275<\/a><\/strong><\/p>\n\n\n\n<p class=\"has-text-color has-medium-font-size has-very-dark-gray-color\">Ich w\u00fcnsche Ihnen einen ruhigen Advent, frohe Weihnachten, erholsame und\nenergiereiche Feiertage, ein gutes und erfolgreiches und sicheres neues Jahr\n2021 und eine <strong>X<\/strong>unde Zeit.<\/p>\n","protected":false},"excerpt":{"rendered":"<p>Haben Sie schon einen Plan C(orona)? Sind ihre Mitarbeiter und Ihre Geb\u00e4ude Corona-FIT? Denn eines ist sicher! Corona wird uns noch l\u00e4nger begleiten. Diese 3 Ma\u00dfnahmen m\u00f6chte ich Ihnen besonders empfehlen: 1) Pr\u00e4vention und Schutz der Mitarbeiter um Ausf\u00e4lle zu<\/p>\n","protected":false},"author":2,"featured_media":0,"comment_status":"closed","ping_status":"closed","sticky":true,"template":"","format":"standard","meta":{"footnotes":""},"categories":[4],"tags":[],"class_list":["post-283","post","type-post","status-publish","format-standard","hentry","category-news-tipps-erfahrungsberichte"],"_links":{"self":[{"href":"https:\/\/denkx.net\/index.php?rest_route=\/wp\/v2\/posts\/283","targetHints":{"allow":["GET"]}}],"collection":[{"href":"https:\/\/denkx.net\/index.php?rest_route=\/wp\/v2\/posts"}],"about":[{"href":"https:\/\/denkx.net\/index.php?rest_route=\/wp\/v2\/types\/post"}],"author":[{"embeddable":true,"href":"https:\/\/denkx.net\/index.php?rest_route=\/wp\/v2\/users\/2"}],"replies":[{"embeddable":true,"href":"https:\/\/denkx.net\/index.php?rest_route=%2Fwp%2Fv2%2Fcomments&post=283"}],"version-history":[{"count":11,"href":"https:\/\/denkx.net\/index.php?rest_route=\/wp\/v2\/posts\/283\/revisions"}],"predecessor-version":[{"id":294,"href":"https:\/\/denkx.net\/index.php?rest_route=\/wp\/v2\/posts\/283\/revisions\/294"}],"wp:attachment":[{"href":"https:\/\/denkx.net\/index.php?rest_route=%2Fwp%2Fv2%2Fmedia&parent=283"}],"wp:term":[{"taxonomy":"category","embeddable":true,"href":"https:\/\/denkx.net\/index.php?rest_route=%2Fwp%2Fv2%2Fcategories&post=283"},{"taxonomy":"post_tag","embeddable":true,"href":"https:\/\/denkx.net\/index.php?rest_route=%2Fwp%2Fv2%2Ftags&post=283"}],"curies":[{"name":"wp","href":"https:\/\/api.w.org\/{rel}","templated":true}]}}