{"id":264,"date":"2020-03-11T11:58:41","date_gmt":"2020-03-11T10:58:41","guid":{"rendered":"http:\/\/denkx.net\/?p=264"},"modified":"2020-03-11T11:58:41","modified_gmt":"2020-03-11T10:58:41","slug":"corona-etikette-5-einfache-masnahmen","status":"publish","type":"post","link":"https:\/\/denkx.net\/?p=264","title":{"rendered":"Corona-Etikette  + 5 einfache Ma\u00dfnahmen"},"content":{"rendered":"\n<p>Als <strong>VOR-Sorge<\/strong> f\u00fcr Ihre <strong>MitarbeiterInnen<\/strong>, Ihr <strong>Kerngesch\u00e4ft <\/strong>und Ihr <b>Unternehmen <\/b>f\u00fcr die n\u00e4chsten Tage und Wochen habe ich <br>&#8211; als einfache Vorgehensweise und Handlungsempfehlung &#8211;  eine<\/p>\n\n\n\n<h3 class=\"wp-block-heading\"><b>Corona-Etikette <\/b><strong>sowie 5 einfache Ma\u00dfnahmen <\/strong><\/h3>\n\n\n\n<p>f\u00fcr Sie und Ihr Unternehmen zusammengefasst.<\/p>\n\n\n\n<h3 class=\"wp-block-heading\"><strong>Corona-Etikette + Verhaltens-Kodex + Hygiene am Arbeitsplatz<\/strong><\/h3>\n\n\n\n<p><strong>No hands <\/strong>(Verzicht auf H\u00e4ndesch\u00fctteln bei Begr\u00fc\u00dfung und mit Plakat <br>\u201e<strong><em>bin nicht unh\u00f6flich, aber<\/em> \u2026<\/strong>\u201c sichtbar \u00f6ffentlich aush\u00e4ngen) <\/p>\n\n\n\n<p><strong>Taschentuchspender <\/strong>bei Eingangst\u00fcr, T\u00fcrschnallen, Handl\u00e4ufe, Aufzug, Nasszellen, \u2026<\/p>\n\n\n\n<p><strong>Unterweisung <\/strong>(leicht <strong>verst\u00e4ndlich<\/strong>, <br>ggf. mit <strong>Piktogrammen <\/strong>bei mehreren Sprachen im Betrieb) durchf\u00fchren<\/p>\n\n\n\n<p><strong>Telefon-\/Videokonferenzen<\/strong> (Skype) statt pers\u00f6nliche Besprechungen<\/p>\n\n\n\n<p><strong>Waschm\u00f6glichkeiten<\/strong>, desinfizierende Seife, Einmalhandt\u00fccher (Papier), Hand-Desinfektionsmittel; ggf. Schutzmasken und Schutzbekleidung<\/p>\n\n\n\n<p><strong>Verhalten <\/strong>bei Ausw\u00e4rtsterminen, Dienstreisen, <br>Menschenansammlungen wie Messen, Ausstellungen; <br>Fl\u00fcge, \u00d6ffis, \u2026<\/p>\n\n\n\n<p><strong>Kombiprodukte <\/strong>(zB. Desinfektionsseife), spezielle pers\u00f6nliche Schutzausr\u00fcstung anschaffen<\/p>\n\n\n\n<h2 class=\"wp-block-heading\"><strong>5 einfach umzusetzende Ma\u00dfnahmen<\/strong><\/h2>\n\n\n\n<h3 class=\"wp-block-heading\"><strong>1.\nvorbereitet sein <\/strong><\/h3>\n\n\n\n<p><strong>Eine kurze Auszeit nehmen + \u00fcber M\u00f6glichkeiten nachdenken = VORdenken &amp; VORsorgen.<\/strong><br> Erfahrene Mitarbeiter einbinden und externe Informationsquellen nutzen um aktuell, flexibel agieren &amp; reagieren zu k\u00f6nnen<\/p>\n\n\n\n<p>Zus\u00e4tzlich Know How der Sicherheitsfachkr\u00e4fte, Sicherheits-vertrauenspersonen und ArbeitsmedizinerIn nutzen <\/p>\n\n\n\n<h3 class=\"wp-block-heading\"><strong>2.\nMa\u00dfnahmen definieren<\/strong><\/h3>\n\n\n\n<p><strong>Verhaltensregeln <\/strong>festlegen (zB. kein H\u00e4nde sch\u00fctteln) und Vorgehensweisen regeln (zB.: zus\u00e4tzliche Desinfektoren aufstellen), <br>Arbeitsvorg\u00e4nge adaptieren (zB. <strong>Reinigungsplan anpassen<\/strong> und desinfizierend reinigen) <\/p>\n\n\n\n<p>Weitere Beispiele siehe vorstehend bei:<br><strong>Corona-Etikette + Verhaltens-Kodex + Hygiene am Arbeitsplatz<\/strong><\/p>\n\n\n\n<h3 class=\"wp-block-heading\"><strong>3.\nAnsprechpartner und Zust\u00e4ndigkeiten festlegen <\/strong><\/h3>\n\n\n\n<p>eine <strong>zentrale Ansprech- \/ Infostelle <\/strong>schaffen<br>(bei gr\u00f6\u00dferen Unternehmen ggf. Team bilden) und <br><strong>Kommunikationswege festlegen<\/strong> (Intranet, Info-Mail, Aushang, Telefon, WhatsApp, Signal-Gruppen)<br><strong>Handlungsf\u00e4higkeiten <\/strong>sicher stellen.<\/p>\n\n\n\n<h3 class=\"wp-block-heading\"><strong>4.\nMitarbeiter informieren<\/strong><\/h3>\n\n\n\n<p><strong>Offen, unaufgeregt<\/strong> und <strong>angemessen kommunizieren<\/strong><br>\u00c4ngste ernst nehmen, <br>sachliche Informationen und klare Anweisungen, <br>dabei Vorbeugungsma\u00dfnahmen erkl\u00e4ren,<br>ggf. auch in betriebs\u00fcbliche Fremdsprachen \u00fcbersetzen<\/p>\n\n\n\n<h3 class=\"wp-block-heading\"><strong>5.\nVertretungsregeln festlegen und Erkrankungen managen<\/strong><\/h3>\n\n\n\n<p><strong>Gesch\u00e4ftsabl\u00e4ufe bei Ausfall <\/strong>von Mitarbeitern und <br>Personaleinsatz mit Vertretungsregelungen planen, <br>Priorit\u00e4ten setzen und vertragliche Verpflichtungen ber\u00fccksichtigen. <br>Auf <strong>Schl\u00fcsselfunktionen <\/strong>achten. <br>(Berechtigungen, F\u00fchrerscheine, Ausbildung an Maschinen, uvm.)<\/p>\n\n\n\n<p><strong>Vorgehensweise <\/strong>bei <strong>Krankheitssymptomen<\/strong>, <br>bei <strong>Erkrankungen innerhalb<\/strong> der <strong>Familie<\/strong>, <br>bei <strong>betreuten Personen<\/strong>,<br>ggf. Arztbest\u00e4tigungen lockern, <br>Verhalten bei Schul-, Kindergartensperren, \u2026<\/p>\n\n\n\n<h4 class=\"wp-block-heading\"><strong>Betriebliche Besonderheiten beachten <\/strong>sowie <strong><br>technisch + organisatorische M\u00f6glichkeiten nutzen<\/strong><\/h4>\n\n\n\n<p>verst\u00e4rkt Home-Office-Nutzung (ggf. Telefonumleitungen aktivieren)<\/p>\n\n\n\n<p><strong>Colaboration-Tools<\/strong> wie MS Teams, Hangouts, Slack, Workplace, WhatsApp, \u2026 nutzen <\/p>\n\n\n\n<p>Umgang bei Kundenkontakten, Freelancern, SUB-Unternehmen<\/p>\n\n\n\n<p>Service-Dienstleister (zB. Reinigung, Bewachung,&#8230;) in Ma\u00dfnahmen-Plan integrieren<\/p>\n\n\n\n<p>falls vorhanden <strong>Ausweichstandort <\/strong>hochfahren und testen<\/p>\n\n\n\n<h4 class=\"wp-block-heading\">Und diese VOR-Sorge-Plan Ma\u00dfnahmen helfen auch gegen Grippe und M\u00e4nnerschnupfen.<\/h4>\n\n\n\n<p>F\u00fcr Fragen dazu stehe ich Ihnen immer gerne zur Verf\u00fcgung!<\/p>\n\n\n\n<p>Ich w\u00fcnsche Ihnen eine erfolgreiche Umsetzung und eine gesunde Zeit.<br>VORsorgliche und f\u00fcrsorgliche Gr\u00fc\u00dfe <\/p>\n\n\n\n<p>Ihr Christian Wimmer<\/p>\n","protected":false},"excerpt":{"rendered":"<p>Als VOR-Sorge f\u00fcr Ihre MitarbeiterInnen, Ihr Kerngesch\u00e4ft und Ihr Unternehmen f\u00fcr die n\u00e4chsten Tage und Wochen habe ich &#8211; als einfache Vorgehensweise und Handlungsempfehlung &#8211; eine Corona-Etikette sowie 5 einfache Ma\u00dfnahmen f\u00fcr Sie und Ihr Unternehmen zusammengefasst. Corona-Etikette + Verhaltens-Kodex<\/p>\n","protected":false},"author":2,"featured_media":0,"comment_status":"closed","ping_status":"closed","sticky":true,"template":"","format":"standard","meta":{"footnotes":""},"categories":[1],"tags":[],"class_list":["post-264","post","type-post","status-publish","format-standard","hentry","category-warum-denk-x-nett"],"_links":{"self":[{"href":"https:\/\/denkx.net\/index.php?rest_route=\/wp\/v2\/posts\/264","targetHints":{"allow":["GET"]}}],"collection":[{"href":"https:\/\/denkx.net\/index.php?rest_route=\/wp\/v2\/posts"}],"about":[{"href":"https:\/\/denkx.net\/index.php?rest_route=\/wp\/v2\/types\/post"}],"author":[{"embeddable":true,"href":"https:\/\/denkx.net\/index.php?rest_route=\/wp\/v2\/users\/2"}],"replies":[{"embeddable":true,"href":"https:\/\/denkx.net\/index.php?rest_route=%2Fwp%2Fv2%2Fcomments&post=264"}],"version-history":[{"count":2,"href":"https:\/\/denkx.net\/index.php?rest_route=\/wp\/v2\/posts\/264\/revisions"}],"predecessor-version":[{"id":267,"href":"https:\/\/denkx.net\/index.php?rest_route=\/wp\/v2\/posts\/264\/revisions\/267"}],"wp:attachment":[{"href":"https:\/\/denkx.net\/index.php?rest_route=%2Fwp%2Fv2%2Fmedia&parent=264"}],"wp:term":[{"taxonomy":"category","embeddable":true,"href":"https:\/\/denkx.net\/index.php?rest_route=%2Fwp%2Fv2%2Fcategories&post=264"},{"taxonomy":"post_tag","embeddable":true,"href":"https:\/\/denkx.net\/index.php?rest_route=%2Fwp%2Fv2%2Ftags&post=264"}],"curies":[{"name":"wp","href":"https:\/\/api.w.org\/{rel}","templated":true}]}}