{"id":204,"date":"2015-03-27T13:28:27","date_gmt":"2015-03-27T12:28:27","guid":{"rendered":"http:\/\/denkx.net\/?p=204"},"modified":"2018-09-11T15:28:10","modified_gmt":"2018-09-11T14:28:10","slug":"wer-hat-an-der-uhr-gedreht-sind-sie-ihrer-zeit-voraus","status":"publish","type":"post","link":"https:\/\/denkx.net\/?p=204","title":{"rendered":"Wer hat an der Uhr gedreht? Sind Sie Ihrer Zeit voraus?"},"content":{"rendered":"<p>Die Sommerzeit beginnt in 3 Tagen (am 29. M\u00e4rz) um 2 Uhr nachts!<\/p>\n<p>Dabei wird die Uhr um 1 Stunde vorgedreht und damit wird die Nacht um eine Stunde k\u00fcrzer.<br \/>\nDadurch bleibt es abends um 1 Stunde l\u00e4nger hell und daf\u00fcr wird es morgens sp\u00e4ter hell.<\/p>\n<p><strong>Ich merke mir das \u201eVordrehen\u201c am Einfachsten mit der Fr\u00fchjahrsm\u00fcdigkeit!<\/strong><br \/>\n<strong>Weil die Uhr eine Stunde nach vorne gedreht wird, verringert sich die Schlafzeit!.<\/strong><\/p>\n<p>Und am letzten Sonntag im Oktober (25.10.2015) werden die Uhren wieder um diese eine Stunde zur\u00fcckgestellt und die Normalzeit (Winterzeit) beginnt.<\/p>\n<p><strong>\u00dcbrigens: Die Auswirkungen auf den Energieverbrauch sind nach wie vor umstritten!<\/strong><br \/>\nDie Mehrheit der aktuelleren Studien behaupten, dass durch die Umstellung keine Energie eingespart wird und sogar ein erh\u00f6hter Energieverbrauch entsteht.<br \/>\nDer Verbrauch von k\u00fcnstlichem Licht wird zwar leicht gesenkt , jedoch durch den gesteigerten Verbrauch von Heizenergie zumindest kompensiert.<br \/>\nUnd die Beleuchtung wird durch den Einsatz von LED\u00b4s immer energieeffizienter!<\/p>\n<p><strong>Im Haushalt hat man mehr Uhren als man glaubt!<\/strong><br \/>\nErstaunlich, wie viele Uhren, Wecker, und Displays die Zeit anzeigen und \u2013 noch h\u00e4ndisch \u2013 umgestellt werden m\u00fcssen (und noch nicht automatisch mit der neuen Sommerzeit synchronisieren.<\/p>\n<p><strong>Jedenfalls ist die Zeitumstellung ein guter Zeitpunkt um auch alle Fehlerstrom-Schutzschalter (FI) in Ihrem Haus\/Wohnung zu testen!<\/strong><br \/>\n<strong>ALLE Fehlerstrom-Schutzschalter<\/strong> nach Herstellerangaben, ansonsten <strong>halbj\u00e4hrlich<\/strong> kontrollieren und durch Dr\u00fccken der Pr\u00fcftaste (T) ausl\u00f6sen.<\/p>\n<p><strong>Und f\u00fcr die Profis \/ Geb\u00e4udetechniker \/ Betriebsf\u00fchrer \/ Facility Manager im B\u00fcro:<\/strong><br \/>\n<strong>Kontrollen und Pr\u00fcfungen nach Elektroschutzverordnung (ESV)<\/strong><\/p>\n<p><span style=\"color: #999999;\"><em>Arbeitgeber\/innen haben daf\u00fcr zu sorgen, dass die elektrischen Anlagen \u2026<\/em><\/span><br \/>\n<span style=\"color: #999999;\"><em> Abs. 3) Folgende Kontrollen durch eine elektrotechnisch unterwiesene Person sind erforderlich: Kontrolle der Funktion von Fehlerstrom-Schutzeinrichtungen, jedenfalls f\u00fcr jene, die den Fehler- oder Zusatzschutz nach den Regeln der Technik gew\u00e4hrleisten, durch Bet\u00e4tigung der Pr\u00fcftaste in den von den Hersteller\/innen oder Inverkehrbringer\/innen angegebenen Intervallen, falls solche Intervalle nicht angegeben sind, zumindest alle sechs Monate, sowie nach einem Fehlerfall.<\/em><\/span><\/p>\n","protected":false},"excerpt":{"rendered":"<p>Die Sommerzeit beginnt in 3 Tagen (am 29. M\u00e4rz) um 2 Uhr nachts! Dabei wird die Uhr um 1 Stunde vorgedreht und damit wird die Nacht um eine Stunde k\u00fcrzer. Dadurch bleibt es abends um 1 Stunde l\u00e4nger hell und<\/p>\n","protected":false},"author":2,"featured_media":0,"comment_status":"closed","ping_status":"closed","sticky":false,"template":"","format":"standard","meta":{"footnotes":""},"categories":[4],"tags":[],"class_list":["post-204","post","type-post","status-publish","format-standard","hentry","category-news-tipps-erfahrungsberichte"],"_links":{"self":[{"href":"https:\/\/denkx.net\/index.php?rest_route=\/wp\/v2\/posts\/204","targetHints":{"allow":["GET"]}}],"collection":[{"href":"https:\/\/denkx.net\/index.php?rest_route=\/wp\/v2\/posts"}],"about":[{"href":"https:\/\/denkx.net\/index.php?rest_route=\/wp\/v2\/types\/post"}],"author":[{"embeddable":true,"href":"https:\/\/denkx.net\/index.php?rest_route=\/wp\/v2\/users\/2"}],"replies":[{"embeddable":true,"href":"https:\/\/denkx.net\/index.php?rest_route=%2Fwp%2Fv2%2Fcomments&post=204"}],"version-history":[{"count":2,"href":"https:\/\/denkx.net\/index.php?rest_route=\/wp\/v2\/posts\/204\/revisions"}],"predecessor-version":[{"id":206,"href":"https:\/\/denkx.net\/index.php?rest_route=\/wp\/v2\/posts\/204\/revisions\/206"}],"wp:attachment":[{"href":"https:\/\/denkx.net\/index.php?rest_route=%2Fwp%2Fv2%2Fmedia&parent=204"}],"wp:term":[{"taxonomy":"category","embeddable":true,"href":"https:\/\/denkx.net\/index.php?rest_route=%2Fwp%2Fv2%2Fcategories&post=204"},{"taxonomy":"post_tag","embeddable":true,"href":"https:\/\/denkx.net\/index.php?rest_route=%2Fwp%2Fv2%2Ftags&post=204"}],"curies":[{"name":"wp","href":"https:\/\/api.w.org\/{rel}","templated":true}]}}